{"id":1513,"date":"2025-06-20T18:11:00","date_gmt":"2025-06-20T16:11:00","guid":{"rendered":"http:\/\/ifbb.hu\/wp\/?p=1513"},"modified":"2025-08-04T18:14:33","modified_gmt":"2025-08-04T16:14:33","slug":"sikeres-szereples-a-szerbiai-ifbb-gyerek-vilagbajnoksagon","status":"publish","type":"post","link":"http:\/\/ifbb.hu\/wp\/2025\/06\/20\/sikeres-szereples-a-szerbiai-ifbb-gyerek-vilagbajnoksagon\/","title":{"rendered":"Sikeres szerepl\u00e9s a szerbiai IFBB Gyerek Vil\u00e1gbajnoks\u00e1gon"},"content":{"rendered":"\n<p><strong>A szerbiai \u010ca\u010dak adott otthont az idei IFBB Gyerek Vil\u00e1gbajnoks\u00e1gnak, ahol a magyar versenyz\u0151k ism\u00e9t kiemelked\u0151en szerepeltek. A Magyar Fitness \u00e9s Test\u00e9p\u00edt\u0151 Sz\u00f6vets\u00e9g deleg\u00e1ci\u00f3ja t\u00f6bb koroszt\u00e1lyban \u00e9s versenykateg\u00f3ri\u00e1ban is dobog\u00f3s helyez\u00e9seket szerzett, ezzel bizony\u00edtva a hazai ut\u00e1np\u00f3tl\u00e1s erej\u00e9t \u00e9s elk\u00f6telezetts\u00e9g\u00e9t.<\/strong><\/p>\n\n\n\n<p>R\u00e9szletek:<\/p>\n\n\n\n<figure class=\"wp-block-embed aligncenter is-type-wp-embed is-provider-sportbanya wp-block-embed-sportbanya\"><div class=\"wp-block-embed__wrapper\">\n<blockquote class=\"wp-embedded-content\" data-secret=\"ASjTGz2dUl\"><a href=\"https:\/\/sportbanya.hu\/2025\/06\/20\/sikeres-szereples-a-szerbiai-ifbb-gyerek-vilagbajnoksagon\/\">Sikeres szerepl\u00e9s a szerbiai IFBB Gyerek Vil\u00e1gbajnoks\u00e1gon<\/a><\/blockquote><iframe class=\"wp-embedded-content\" sandbox=\"allow-scripts\" security=\"restricted\" style=\"position: absolute; clip: rect(1px, 1px, 1px, 1px);\" title=\"&#8220;Sikeres szerepl\u00e9s a szerbiai IFBB Gyerek Vil\u00e1gbajnoks\u00e1gon&#8221; &#8212; Sportb\u00e1nya\" src=\"https:\/\/sportbanya.hu\/2025\/06\/20\/sikeres-szereples-a-szerbiai-ifbb-gyerek-vilagbajnoksagon\/embed\/#?secret=A96zFgdvwT#?secret=ASjTGz2dUl\" data-secret=\"ASjTGz2dUl\" width=\"600\" height=\"338\" frameborder=\"0\" marginwidth=\"0\" marginheight=\"0\" scrolling=\"no\"><\/iframe>\n<\/div><\/figure>\n","protected":false},"excerpt":{"rendered":"<p>A szerbiai \u010ca\u010dak adott otthont az idei IFBB Gyerek Vil\u00e1gbajnoks\u00e1gnak, ahol a magyar versenyz\u0151k ism\u00e9t kiemelked\u0151en szerepeltek. A Magyar Fitness \u00e9s Test\u00e9p\u00edt\u0151 Sz\u00f6vets\u00e9g deleg\u00e1ci\u00f3ja t\u00f6bb koroszt\u00e1lyban \u00e9s versenykateg\u00f3ri\u00e1ban is dobog\u00f3s helyez\u00e9seket szerzett, ezzel bizony\u00edtva a hazai ut\u00e1np\u00f3tl\u00e1s erej\u00e9t \u00e9s elk\u00f6telezetts\u00e9g\u00e9t. R\u00e9szletek:<\/p>\n","protected":false},"author":1,"featured_media":1514,"comment_status":"closed","ping_status":"closed","sticky":false,"template":"","format":"standard","meta":[],"categories":[5,1],"tags":[],"post_folder":[],"_links":{"self":[{"href":"http:\/\/ifbb.hu\/wp\/wp-json\/wp\/v2\/posts\/1513"}],"collection":[{"href":"http:\/\/ifbb.hu\/wp\/wp-json\/wp\/v2\/posts"}],"about":[{"href":"http:\/\/ifbb.hu\/wp\/wp-json\/wp\/v2\/types\/post"}],"author":[{"embeddable":true,"href":"http:\/\/ifbb.hu\/wp\/wp-json\/wp\/v2\/users\/1"}],"replies":[{"embeddable":true,"href":"http:\/\/ifbb.hu\/wp\/wp-json\/wp\/v2\/comments?post=1513"}],"version-history":[{"count":1,"href":"http:\/\/ifbb.hu\/wp\/wp-json\/wp\/v2\/posts\/1513\/revisions"}],"predecessor-version":[{"id":1515,"href":"http:\/\/ifbb.hu\/wp\/wp-json\/wp\/v2\/posts\/1513\/revisions\/1515"}],"wp:featuredmedia":[{"embeddable":true,"href":"http:\/\/ifbb.hu\/wp\/wp-json\/wp\/v2\/media\/1514"}],"wp:attachment":[{"href":"http:\/\/ifbb.hu\/wp\/wp-json\/wp\/v2\/media?parent=1513"}],"wp:term":[{"taxonomy":"category","embeddable":true,"href":"http:\/\/ifbb.hu\/wp\/wp-json\/wp\/v2\/categories?post=1513"},{"taxonomy":"post_tag","embeddable":true,"href":"http:\/\/ifbb.hu\/wp\/wp-json\/wp\/v2\/tags?post=1513"},{"taxonomy":"post_folder","embeddable":true,"href":"http:\/\/ifbb.hu\/wp\/wp-json\/wp\/v2\/post_folder?post=1513"}],"curies":[{"name":"wp","href":"https:\/\/api.w.org\/{rel}","templated":true}]}}